{"id":7,"__str__":"Audi\u00eancia P\u00fablica para discuss\u00e3o do Projeto de Lei de Diretrizes Or\u00e7ament\u00e1rias 2026","link_detail_backend":"/audiencia/7","metadata":{},"numero":5,"ano":2025,"nome":"Audi\u00eancia P\u00fablica para discuss\u00e3o do Projeto de Lei de Diretrizes Or\u00e7ament\u00e1rias 2026","tema":"Audi\u00eancia P\u00fablica para discuss\u00e3o do Projeto de Lei de Diretrizes Or\u00e7ament\u00e1rias 2026","data":"2025-06-18","hora_inicio":"09:00","hora_fim":"","observacao":"","audiencia_cancelada":false,"url_audio":"","url_video":"","upload_pauta":null,"upload_ata":null,"upload_anexo":null,"materia":2873,"tipo":1,"parlamentar_autor":null,"requerimento":null}