{"id":9,"__str__":"Audi\u00eancia P\u00fablica Intersetorial para Discuss\u00e3o do Plano Municipal pela Primeira Inf\u00e2ncia (PMPI), do Plano Municipal de Sa\u00fade e do Plano Municipal de Assist\u00eancia Social.","link_detail_backend":"/audiencia/9","metadata":{},"numero":7,"ano":2026,"nome":"Audi\u00eancia P\u00fablica Intersetorial para Discuss\u00e3o do Plano Municipal pela Primeira Inf\u00e2ncia (PMPI), do Plano Municipal de Sa\u00fade e do Plano Municipal de Assist\u00eancia Social.","tema":"Planejar com Cuidado, Proteger com Prioridade: construindo pol\u00edticas integradas para a Primeira Inf\u00e2ncia, a Sa\u00fade e a Assist\u00eancia Social.","data":"2026-03-18","hora_inicio":"19:00","hora_fim":"","observacao":"","audiencia_cancelada":false,"url_audio":"","url_video":"","upload_pauta":null,"upload_ata":null,"upload_anexo":null,"materia":null,"tipo":1,"parlamentar_autor":null,"requerimento":null}