{"id":1287,"__str__":"Parecer n\u00ba 15 de 2023","link_detail_backend":"/materia/1287","metadata":{},"numero":15,"ano":2023,"numero_protocolo":null,"data_apresentacao":"2023-05-02","tipo_apresentacao":"E","data_publicacao":null,"numero_origem_externa":"","ano_origem_externa":null,"data_origem_externa":null,"apelido":"","dias_prazo":null,"data_fim_prazo":null,"em_tramitacao":true,"polemica":false,"objeto":"","complementar":false,"ementa":"Da COMISS\u00c3O DE OR\u00c7AMENTO E FINAN\u00c7AS, em decis\u00e3o terminativa, sobre o PROCESSO TC N.\u00ba 07434/21 - Acompanhamento de Gest\u00e3o - PCA - Presta\u00e7\u00e3o de Contas Anuais - Exerc\u00edcio Financeiro 2020 - L\u00facio Fl\u00e1vio Ara\u00fajo Costa.","indexacao":"","observacao":"","resultado":"","texto_original":"http://sapl.itabaiana.pb.leg.br/media/sapl/public/materialegislativa/2023/1287/document_8.pdf","data_ultima_atualizacao":"2023-05-02T08:32:36.944943-03:00","ip":"45.237.204.13","ultima_edicao":"2023-05-02T08:30:12.588639-03:00","tipo":11,"regime_tramitacao":1,"tipo_origem_externa":null,"local_origem_externa":null,"user":5,"anexadas":[],"autores":[14]}