{"id":2941,"__str__":"Projeto de Lei Ordin\u00e1ria n\u00ba 773 de 2025","link_detail_backend":"/materia/2941","metadata":{},"numero":773,"ano":2025,"numero_protocolo":195,"data_apresentacao":"2025-08-15","tipo_apresentacao":"E","data_publicacao":null,"numero_origem_externa":"","ano_origem_externa":null,"data_origem_externa":null,"apelido":"","dias_prazo":null,"data_fim_prazo":null,"em_tramitacao":true,"polemica":false,"objeto":"","complementar":false,"ementa":"Ratifica Protocolo de Inten\u00e7\u00f5es e participa\u00e7\u00e3o deste Munic\u00edpio no Cons\u00f3rcio P\u00fablico Intermunicipal para Implanta\u00e7\u00e3o e Gest\u00e3o da Casa de Acolhimento Regional - Cons\u00f3rcio Casa-Lar do Agreste Paraibano e d\u00e1 outras provid\u00eancias.","indexacao":"","observacao":"","resultado":"","texto_original":"http://sapl.itabaiana.pb.leg.br/media/sapl/public/materialegislativa/2025/2941/ilovepdf_merged_76.pdf","data_ultima_atualizacao":"2025-08-23T17:04:24.377366-03:00","ip":"187.19.112.255","ultima_edicao":"2025-08-19T14:39:10.672287-03:00","tipo":1,"regime_tramitacao":1,"tipo_origem_externa":null,"local_origem_externa":null,"user":5,"anexadas":[],"autores":[48]}