{"id":3053,"__str__":"Indica\u00e7\u00e3o n\u00ba 27 de 2026","link_detail_backend":"/materia/3053","metadata":{},"numero":27,"ano":2026,"numero_protocolo":49,"data_apresentacao":"2026-02-27","tipo_apresentacao":"E","data_publicacao":null,"numero_origem_externa":"","ano_origem_externa":null,"data_origem_externa":null,"apelido":"","dias_prazo":null,"data_fim_prazo":null,"em_tramitacao":false,"polemica":false,"objeto":"","complementar":false,"ementa":"Indico ao Excelent\u00edssimo Senhor Prefeito Municipal que, por interm\u00e9dio da Secretaria Municipal de Infraestrutura e Servi\u00e7os P\u00fablicos, em articula\u00e7\u00e3o com a Secretaria Municipal de Meio Ambiente, seja realizada a instala\u00e7\u00e3o de lixeiras espec\u00edficas para coleta seletiva de materiais recicl\u00e1veis (pl\u00e1stico, papel, metal e vidro) na Pra\u00e7a Epit\u00e1cio Pessoa. A presente indica\u00e7\u00e3o justifica-se pela necessidade de promover a educa\u00e7\u00e3o ambiental e a conscientiza\u00e7\u00e3o da popula\u00e7\u00e3o quanto \u00e0 correta destina\u00e7\u00e3o dos res\u00edduos s\u00f3lidos, incentivando pr\u00e1ticas sustent\u00e1veis e contribuindo para a redu\u00e7\u00e3o dos impactos ambientais. A medida tamb\u00e9m fortalece as pol\u00edticas p\u00fablicas de gest\u00e3o integrada de res\u00edduos, estimula a coleta seletiva e valoriza o espa\u00e7o p\u00fablico como ambiente de conviv\u00eancia, cidadania e preserva\u00e7\u00e3o ambiental.","indexacao":"","observacao":"","resultado":"","texto_original":"http://sapl.itabaiana.pb.leg.br/media/sapl/public/materialegislativa/2026/3053/indicacao_27.pdf","data_ultima_atualizacao":"2026-03-04T09:25:28.982222-03:00","ip":"138.186.132.238","ultima_edicao":"2026-03-04T09:25:28.684421-03:00","tipo":8,"regime_tramitacao":1,"tipo_origem_externa":null,"local_origem_externa":null,"user":5,"anexadas":[],"autores":[51]}