{"id":3115,"__str__":"Projeto de Lei Ordin\u00e1ria n\u00ba 806 de 2026","link_detail_backend":"/materia/3115","metadata":{},"numero":806,"ano":2026,"numero_protocolo":117,"data_apresentacao":"2026-04-09","tipo_apresentacao":"","data_publicacao":null,"numero_origem_externa":"","ano_origem_externa":null,"data_origem_externa":null,"apelido":"","dias_prazo":null,"data_fim_prazo":null,"em_tramitacao":true,"polemica":false,"objeto":"","complementar":false,"ementa":"Institui, no \u00e2mbito do Munic\u00edpio de Itabaiana-PB, a Semana Municipal de Conscientiza\u00e7\u00e3o sobre o Transtorno do Espectro Autista (TEA) e demais comorbidades associadas, e d\u00e1 outras provid\u00eancias.","indexacao":"","observacao":"","resultado":"","texto_original":null,"data_ultima_atualizacao":"2026-04-09T13:29:14.229876-03:00","ip":"187.19.112.212","ultima_edicao":"2026-04-09T13:29:14.108633-03:00","tipo":1,"regime_tramitacao":1,"tipo_origem_externa":null,"local_origem_externa":null,"user":4,"anexadas":[],"autores":[52]}