{"id":505,"__str__":"Parecer n\u00ba 32 de 2019","link_detail_backend":"/materia/505","metadata":{},"numero":32,"ano":2019,"numero_protocolo":null,"data_apresentacao":"2019-10-07","tipo_apresentacao":"E","data_publicacao":null,"numero_origem_externa":"","ano_origem_externa":null,"data_origem_externa":null,"apelido":"","dias_prazo":null,"data_fim_prazo":null,"em_tramitacao":true,"polemica":null,"objeto":"","complementar":null,"ementa":"Da COMISS\u00c3O DE CONSTITUI\u00c7\u00c3O, JUSTI\u00c7A E REDA\u00c7\u00c3O, em decis\u00e3o terminativa, sobre o Projeto de Lei n\u00ba 585 de 23 de Setembro de 2019 que \u201cDisp\u00f5e sobre a abertura de Cr\u00e9dito Adicional Especial ao Or\u00e7amento do Munic\u00edpio de Itabaiana exerc\u00edcio de 2019, e d\u00e1 outras provid\u00eancias.\u201d.","indexacao":"","observacao":"","resultado":"","texto_original":null,"data_ultima_atualizacao":"2019-10-08T17:26:10.430813-03:00","ip":"187.19.121.170","ultima_edicao":null,"tipo":11,"regime_tramitacao":1,"tipo_origem_externa":null,"local_origem_externa":null,"user":4,"anexadas":[],"autores":[13]}